{"id":2332,"date":"2012-03-19T12:54:01","date_gmt":"2012-03-19T11:54:01","guid":{"rendered":"http:\/\/www.francescocataldo.it\/blog\/?p=2332"},"modified":"2016-08-04T00:17:28","modified_gmt":"2016-08-03T22:17:28","slug":"ognuno-ha-i-suoi-ricordi","status":"publish","type":"post","link":"https:\/\/www.francescocataldo.it\/?p=2332","title":{"rendered":"Ognuno ha i suoi ricordi"},"content":{"rendered":"<p><img loading=\"lazy\" decoding=\"async\" class=\"alignnone colorbox-2332\" style=\"border-image: initial; margin: 2px 2px 4px 4px; border: 3px solid black;\" src=\"http:\/\/farm8.staticflickr.com\/7194\/6850153876_40de9152c1.jpg\" alt=\"Ognuno ha i suoi ricordi\" width=\"200\" height=\"300\" align=\"right\" \/><\/p>\n<p style=\"text-align: justify;\">Sono cresciuto ammirando due oggetti: un pennello da barba e un orologio; forse il simbolo di ci\u00f2 che avrei voluto diventare,\u00a0un uomo adulto o pi\u00f9 inconsciamente l&#8217;uomo che li maneggiava.<\/p>\n<p style=\"text-align: justify;\">L&#8217;orologio originariamente era d&#8217;oro poi le molte riparazioni lo hanno trasformato in un crogiolo di materiali indistinguibili, di quelli che all&#8217;acqua si arrendono anzich\u00e9 resistergli e sar\u00e0 stato per il valore, la vulnerabilit\u00e0 o solo per rispetto del\u00a0suo valore economico, mio padre lo toglieva ogni volta che la sua\u00a0integrit\u00e0 era a rischio o per dargli la corda prima\u00a0di andare a dormire scongiurando il rischio\u00a0che durante la notte smettesse di funzionare, come se dal funzionamento dell&#8217;orologio dipendesse la sua vita.<\/p>\n<p style=\"text-align: justify;\">In effetti\u00a0ogni avvenimento\u00a0\u00e8 amministrato dal tempo.<\/p>\n<p style=\"text-align: justify;\">Ho assistito a quel rituale per tutti gli anni dell&#8217;infanzia e della giovent\u00f9 e quando diventato pi\u00f9 grande le lancette cominciarono a sperimentare ore pi\u00f9 lunghe o pi\u00f9 corte dell&#8217;accettabile feci un patto con il proprietario: &#8220;Reg\u00e0lami il tuo vecchio orologio e io ricambier\u00f2\u00a0con\u00a0uno nuovo e soprattutto&#8230; funzionante: &#8220;Che te ne fai?&#8221; disse lui &#8220;Non va pi\u00f9, non c&#8217;\u00e8 che buttarlo!&#8221;<\/p>\n<p style=\"text-align: justify;\">E&#8217; vero, il suo segnare il tempo presente non era attendibile ma funzionava ancora e lo tenni, per via dei quaranta anni e oltre al polso di mio padre e per quanto mi aveva affascinato da bambino.<\/p>\n<p style=\"text-align: justify;\">Quando dopo molti anni il telefono squill\u00f2 la brutta notizia presi l&#8217;orologio dal mobile della cucina, lo strinsi tra le mani e pensai all&#8217;anima delle persone che si infila negli oggetti che gli sono appartenuti, a quella macchinetta da polso dal cui funzionamento era dipesa per anni la vita di pap\u00e0, e viceversa.<\/p>\n<p style=\"text-align: justify;\">Era mattina presto ma feci come se\u00a0fosse sera,\u00a0presi a dargli la corda e lui di colpo torn\u00f2 a vivere.<\/p>\n<p style=\"text-align: justify;\">\n","protected":false},"excerpt":{"rendered":"<p>Sono cresciuto ammirando due oggetti: un pennello da barba e un orologio; forse il simbolo di ci\u00f2 che avrei voluto diventare,\u00a0un uomo adulto o pi\u00f9 inconsciamente l&#8217;uomo che li maneggiava. L&#8217;orologio originariamente era d&#8217;oro poi le molte riparazioni lo hanno trasformato in un crogiolo di materiali indistinguibili, di quelli che all&#8217;acqua si arrendono anzich\u00e9 resistergli &hellip; <a href=\"https:\/\/www.francescocataldo.it\/?p=2332\" class=\"more-link\">Continua la lettura di <span class=\"screen-reader-text\">Ognuno ha i suoi ricordi<\/span> <span class=\"meta-nav\">&rarr;<\/span><\/a><\/p>\n","protected":false},"author":1,"featured_media":0,"comment_status":"open","ping_status":"open","sticky":false,"template":"","format":"standard","meta":{"footnotes":""},"categories":[3],"tags":[],"class_list":["post-2332","post","type-post","status-publish","format-standard","hentry","category-personale"],"_links":{"self":[{"href":"https:\/\/www.francescocataldo.it\/index.php?rest_route=\/wp\/v2\/posts\/2332","targetHints":{"allow":["GET"]}}],"collection":[{"href":"https:\/\/www.francescocataldo.it\/index.php?rest_route=\/wp\/v2\/posts"}],"about":[{"href":"https:\/\/www.francescocataldo.it\/index.php?rest_route=\/wp\/v2\/types\/post"}],"author":[{"embeddable":true,"href":"https:\/\/www.francescocataldo.it\/index.php?rest_route=\/wp\/v2\/users\/1"}],"replies":[{"embeddable":true,"href":"https:\/\/www.francescocataldo.it\/index.php?rest_route=%2Fwp%2Fv2%2Fcomments&post=2332"}],"version-history":[{"count":8,"href":"https:\/\/www.francescocataldo.it\/index.php?rest_route=\/wp\/v2\/posts\/2332\/revisions"}],"predecessor-version":[{"id":4705,"href":"https:\/\/www.francescocataldo.it\/index.php?rest_route=\/wp\/v2\/posts\/2332\/revisions\/4705"}],"wp:attachment":[{"href":"https:\/\/www.francescocataldo.it\/index.php?rest_route=%2Fwp%2Fv2%2Fmedia&parent=2332"}],"wp:term":[{"taxonomy":"category","embeddable":true,"href":"https:\/\/www.francescocataldo.it\/index.php?rest_route=%2Fwp%2Fv2%2Fcategories&post=2332"},{"taxonomy":"post_tag","embeddable":true,"href":"https:\/\/www.francescocataldo.it\/index.php?rest_route=%2Fwp%2Fv2%2Ftags&post=2332"}],"curies":[{"name":"wp","href":"https:\/\/api.w.org\/{rel}","templated":true}]}}