{"id":2496,"date":"2012-06-23T14:20:48","date_gmt":"2012-06-23T12:20:48","guid":{"rendered":"http:\/\/www.francescocataldo.it\/blog\/?p=2496"},"modified":"2012-06-23T14:24:53","modified_gmt":"2012-06-23T12:24:53","slug":"sondaggio-radio-italia-23062012","status":"publish","type":"post","link":"https:\/\/www.francescocataldo.it\/?p=2496","title":{"rendered":"Sondaggio Radio Italia 23\/06\/2012"},"content":{"rendered":"<p>Tra i temi della prima prova scritta affrontata quest&#8217;anno dai maturandi, quello di ordine generale richiedeva ai candidati di riflettere su una frase del filosofo francese Paul Nizan, che recita: &#8220;Avevo vent&#8217;anni. Non permetter\u00f2 a nessuno di dire che questa \u00e8 la pi\u00f9 bella et\u00e0 della vita&#8221;. E per voi, quale \u00e8 stato l&#8217;anno migliore della vostra vita? E perch\u00e9?<\/p>\n<p><object width=\"413\" height=\"240\" classid=\"clsid:d27cdb6e-ae6d-11cf-96b8-444553540000\" codebase=\"http:\/\/download.macromedia.com\/pub\/shockwave\/cabs\/flash\/swflash.cab#version=6,0,40,0\"><param name=\"allowFullScreen\" value=\"true\" \/><param name=\"allowscriptaccess\" value=\"always\" \/><param name=\"src\" value=\"http:\/\/www.youtube.com\/v\/IfkSOaRoyao?version=3&amp;hl=it_IT\" \/><param name=\"allowfullscreen\" value=\"true\" \/><embed width=\"413\" height=\"240\" type=\"application\/x-shockwave-flash\" src=\"http:\/\/www.youtube.com\/v\/IfkSOaRoyao?version=3&amp;hl=it_IT\" allowFullScreen=\"true\" allowscriptaccess=\"always\" allowfullscreen=\"true\" \/><\/object><\/p>\n<p>Le vostre preferenze tra poco in diretta a Radio Italia.<\/p>\n<p>&nbsp;<\/p>\n","protected":false},"excerpt":{"rendered":"<p>Tra i temi della prima prova scritta affrontata quest&#8217;anno dai maturandi, quello di ordine generale richiedeva ai candidati di riflettere su una frase del filosofo francese Paul Nizan, che recita: &#8220;Avevo vent&#8217;anni. Non permetter\u00f2 a nessuno di dire che questa \u00e8 la pi\u00f9 bella et\u00e0 della vita&#8221;. E per voi, quale \u00e8 stato l&#8217;anno migliore &hellip; <a href=\"https:\/\/www.francescocataldo.it\/?p=2496\" class=\"more-link\">Continua la lettura di <span class=\"screen-reader-text\">Sondaggio Radio Italia 23\/06\/2012<\/span> <span class=\"meta-nav\">&rarr;<\/span><\/a><\/p>\n","protected":false},"author":1,"featured_media":0,"comment_status":"open","ping_status":"open","sticky":false,"template":"","format":"standard","meta":{"footnotes":""},"categories":[13,6],"tags":[223,301,300,23,222,302],"class_list":["post-2496","post","type-post","status-publish","format-standard","hentry","category-curiosita","category-radio","tag-francesco-cataldo","tag-maturita","tag-paul-nizan","tag-radio-italia","tag-sondaggio","tag-ventanni"],"_links":{"self":[{"href":"https:\/\/www.francescocataldo.it\/index.php?rest_route=\/wp\/v2\/posts\/2496","targetHints":{"allow":["GET"]}}],"collection":[{"href":"https:\/\/www.francescocataldo.it\/index.php?rest_route=\/wp\/v2\/posts"}],"about":[{"href":"https:\/\/www.francescocataldo.it\/index.php?rest_route=\/wp\/v2\/types\/post"}],"author":[{"embeddable":true,"href":"https:\/\/www.francescocataldo.it\/index.php?rest_route=\/wp\/v2\/users\/1"}],"replies":[{"embeddable":true,"href":"https:\/\/www.francescocataldo.it\/index.php?rest_route=%2Fwp%2Fv2%2Fcomments&post=2496"}],"version-history":[{"count":2,"href":"https:\/\/www.francescocataldo.it\/index.php?rest_route=\/wp\/v2\/posts\/2496\/revisions"}],"predecessor-version":[{"id":2498,"href":"https:\/\/www.francescocataldo.it\/index.php?rest_route=\/wp\/v2\/posts\/2496\/revisions\/2498"}],"wp:attachment":[{"href":"https:\/\/www.francescocataldo.it\/index.php?rest_route=%2Fwp%2Fv2%2Fmedia&parent=2496"}],"wp:term":[{"taxonomy":"category","embeddable":true,"href":"https:\/\/www.francescocataldo.it\/index.php?rest_route=%2Fwp%2Fv2%2Fcategories&post=2496"},{"taxonomy":"post_tag","embeddable":true,"href":"https:\/\/www.francescocataldo.it\/index.php?rest_route=%2Fwp%2Fv2%2Ftags&post=2496"}],"curies":[{"name":"wp","href":"https:\/\/api.w.org\/{rel}","templated":true}]}}